{"id":728,"date":"2022-08-21T12:51:02","date_gmt":"2022-08-21T15:51:02","guid":{"rendered":"https:\/\/www.namira.blog.br\/v1\/?p=728"},"modified":"2022-08-21T12:51:02","modified_gmt":"2022-08-21T15:51:02","slug":"eleicoes-2022-soane-galvao-foca-no-desenvolvimento","status":"publish","type":"post","link":"https:\/\/www.namira.blog.br\/v1\/2022\/08\/21\/eleicoes-2022-soane-galvao-foca-no-desenvolvimento\/","title":{"rendered":"ELEI\u00c7\u00d5ES 2022: SOANE GALV\u00c3O FOCA NO DESENVOLVIMENTO"},"content":{"rendered":"<h3><img loading=\"lazy\" class=\" wp-image-729 aligncenter\" src=\"http:\/\/www.namira.blog.br\/v1\/wp-content\/uploads\/2022\/08\/A-SOANE.jpg\" alt=\"\" width=\"305\" height=\"305\" srcset=\"https:\/\/www.namira.blog.br\/v1\/wp-content\/uploads\/2022\/08\/A-SOANE.jpg 225w, https:\/\/www.namira.blog.br\/v1\/wp-content\/uploads\/2022\/08\/A-SOANE-150x150.jpg 150w\" sizes=\"(max-width: 305px) 100vw, 305px\" \/><\/h3>\n<h3 style=\"text-align: justify;\">Ex-secret\u00e1ria do Desenvolvimento Econ\u00f4mico e Inova\u00e7\u00e3o do munic\u00edpio de Ilh\u00e9us, Soane Galv\u00e3o (40123), assegura que vai defender com afinco a bandeira do desenvolvimento, caso seja eleita nas elei\u00e7\u00f5es de outubro para ocupar uma vaga na Assembleia Legislativa da Bahia.<\/h3>\n<h3 style=\"text-align: justify;\">A candidata estudou medidas ousadas para quebrar a cadeia de in\u00e9rcia que reduziram as possibilidades de crescimento e que engessaram, tamb\u00e9m, os governos municipais. \u201cA Bahia avan\u00e7ou muito sob o comando do governador Rui Costa, e quero inovar com a chegada de Jer\u00f4nimo\u201d, afirma.<\/h3>\n<h3 style=\"text-align: justify;\">Neste quesito, Soane Galv\u00e3o est\u00e1 decidida a empunhar a bandeira do desenvolvimentismo respons\u00e1vel, com o objetivo de combinar crescimento econ\u00f4mico sustentado e melhora dos indicadores sociais, o que na sua vis\u00e3o, provocar\u00e3o um forte impacto no desenvolvimento.<\/h3>\n<h3 style=\"text-align: justify;\">\u201cPrecisamos hoje de representantes que ou\u00e7am as demandas da popula\u00e7\u00e3o. Isso compreende um esfor\u00e7o enorme das sociedades locais na formula\u00e7\u00e3o de pol\u00edticas regionais. Nosso intuito como deputada \u00e9 discutir as quest\u00f5es que tornem a regi\u00e3o sujeita de seu processo de desenvolvimento\u201d, destaca Soane.<\/h3>\n<h3 style=\"text-align: justify;\">Formada em Direito com \u00eanfase em Administra\u00e7\u00e3o P\u00fablica, Soane Galv\u00e3o teve passagens pela Bahia Pesca \u2013 empresa do Governo do Estado de fomento \u00e0 pesca e agricultura, e pela secretaria de Desenvolvimento Social, hoje, secretaria de Promo\u00e7\u00e3o Social e Combate \u00e0 Pobreza.<\/h3>\n","protected":false},"excerpt":{"rendered":"<p>Ex-secret\u00e1ria do Desenvolvimento Econ\u00f4mico e Inova\u00e7\u00e3o do munic\u00edpio de Ilh\u00e9us, Soane Galv\u00e3o (40123), assegura que vai defender com afinco a bandeira do desenvolvimento, caso seja eleita nas elei\u00e7\u00f5es de outubro para ocupar uma vaga na Assembleia Legislativa da Bahia. A candidata estudou medidas ousadas para quebrar a cadeia de in\u00e9rcia que reduziram as possibilidades de [&hellip;]<\/p>\n","protected":false},"author":3,"featured_media":729,"comment_status":"closed","ping_status":"closed","sticky":false,"template":"","format":"standard","meta":{"_links_to":"","_links_to_target":""},"categories":[1],"tags":[],"_links":{"self":[{"href":"https:\/\/www.namira.blog.br\/v1\/wp-json\/wp\/v2\/posts\/728"}],"collection":[{"href":"https:\/\/www.namira.blog.br\/v1\/wp-json\/wp\/v2\/posts"}],"about":[{"href":"https:\/\/www.namira.blog.br\/v1\/wp-json\/wp\/v2\/types\/post"}],"author":[{"embeddable":true,"href":"https:\/\/www.namira.blog.br\/v1\/wp-json\/wp\/v2\/users\/3"}],"replies":[{"embeddable":true,"href":"https:\/\/www.namira.blog.br\/v1\/wp-json\/wp\/v2\/comments?post=728"}],"version-history":[{"count":1,"href":"https:\/\/www.namira.blog.br\/v1\/wp-json\/wp\/v2\/posts\/728\/revisions"}],"predecessor-version":[{"id":730,"href":"https:\/\/www.namira.blog.br\/v1\/wp-json\/wp\/v2\/posts\/728\/revisions\/730"}],"wp:featuredmedia":[{"embeddable":true,"href":"https:\/\/www.namira.blog.br\/v1\/wp-json\/wp\/v2\/media\/729"}],"wp:attachment":[{"href":"https:\/\/www.namira.blog.br\/v1\/wp-json\/wp\/v2\/media?parent=728"}],"wp:term":[{"taxonomy":"category","embeddable":true,"href":"https:\/\/www.namira.blog.br\/v1\/wp-json\/wp\/v2\/categories?post=728"},{"taxonomy":"post_tag","embeddable":true,"href":"https:\/\/www.namira.blog.br\/v1\/wp-json\/wp\/v2\/tags?post=728"}],"curies":[{"name":"wp","href":"https:\/\/api.w.org\/{rel}","templated":true}]}}