{"id":746,"date":"2022-09-04T18:55:25","date_gmt":"2022-09-04T21:55:25","guid":{"rendered":"https:\/\/www.namira.blog.br\/v1\/?p=746"},"modified":"2022-09-04T18:55:25","modified_gmt":"2022-09-04T21:55:25","slug":"soane-galvao-visitou-canavieiras-com-paulo-magalhaes","status":"publish","type":"post","link":"https:\/\/www.namira.blog.br\/v1\/2022\/09\/04\/soane-galvao-visitou-canavieiras-com-paulo-magalhaes\/","title":{"rendered":"SOANE GALV\u00c3O VISITOU CANAVIEIRAS COM PAULO MAGALH\u00c3ES"},"content":{"rendered":"<h3><img loading=\"lazy\" class=\" wp-image-747 aligncenter\" src=\"http:\/\/www.namira.blog.br\/v1\/wp-content\/uploads\/2022\/09\/A-SOANE-300x200.jpeg\" alt=\"\" width=\"326\" height=\"217\" srcset=\"https:\/\/www.namira.blog.br\/v1\/wp-content\/uploads\/2022\/09\/A-SOANE-300x200.jpeg 300w, https:\/\/www.namira.blog.br\/v1\/wp-content\/uploads\/2022\/09\/A-SOANE.jpeg 600w\" sizes=\"(max-width: 326px) 100vw, 326px\" \/><\/h3>\n<h3 style=\"text-align: justify;\">Caminhar com o povo, ouvir demandas, apresentar propostas. Essa tem sido a rotina de Soane Galv\u00e3o (40123) candidata a deputada estadual pelo PSB-BA. No primeiro dia de setembro, em Canavieiras, n\u00e3o foi diferente. Ao lado do deputado federal e candidato a reelei\u00e7\u00e3o, Paulo Magalh\u00e3es (PSD), Soane recebeu o aceno de apoiadores enquanto circulava pelas ruas da cidade.<\/h3>\n<h3 style=\"text-align: justify;\">Soane chegou \u00e0 Canavieiras no in\u00edcio da tarde para cumprir compromisso que estava previsto em sua agenda oficial de campanha. Muita gente parou para conversar com a pessebista e tirar foto. Um dia antes, ela participou do seu 1\u00ba Grito da Vit\u00f3ria, evento-com\u00edcio realizado no Centro de Conven\u00e7\u00f5es de Ilh\u00e9us, onde reuniu lideran\u00e7as pol\u00edticas e uma multid\u00e3o de apoiadores.<\/h3>\n<h3 style=\"text-align: justify;\">\u201cFoi muito bom sentir a energia dos canavieirenses durante nossa passagem. Munic\u00edpios como Canavieiras precisam de uma parlamentar que os represente. Sigo levando nossas propostas por todo estado da Bahia e acredito que as regi\u00f5es sul, baixo-sul, extremo-sul e sudoeste merecem uma deputada estadual para chamar de sua\u201d, disse Soane Galv\u00e3o.<\/h3>\n","protected":false},"excerpt":{"rendered":"<p>Caminhar com o povo, ouvir demandas, apresentar propostas. Essa tem sido a rotina de Soane Galv\u00e3o (40123) candidata a deputada estadual pelo PSB-BA. No primeiro dia de setembro, em Canavieiras, n\u00e3o foi diferente. Ao lado do deputado federal e candidato a reelei\u00e7\u00e3o, Paulo Magalh\u00e3es (PSD), Soane recebeu o aceno de apoiadores enquanto circulava pelas ruas [&hellip;]<\/p>\n","protected":false},"author":3,"featured_media":747,"comment_status":"closed","ping_status":"closed","sticky":false,"template":"","format":"standard","meta":{"_links_to":"","_links_to_target":""},"categories":[1],"tags":[],"_links":{"self":[{"href":"https:\/\/www.namira.blog.br\/v1\/wp-json\/wp\/v2\/posts\/746"}],"collection":[{"href":"https:\/\/www.namira.blog.br\/v1\/wp-json\/wp\/v2\/posts"}],"about":[{"href":"https:\/\/www.namira.blog.br\/v1\/wp-json\/wp\/v2\/types\/post"}],"author":[{"embeddable":true,"href":"https:\/\/www.namira.blog.br\/v1\/wp-json\/wp\/v2\/users\/3"}],"replies":[{"embeddable":true,"href":"https:\/\/www.namira.blog.br\/v1\/wp-json\/wp\/v2\/comments?post=746"}],"version-history":[{"count":1,"href":"https:\/\/www.namira.blog.br\/v1\/wp-json\/wp\/v2\/posts\/746\/revisions"}],"predecessor-version":[{"id":748,"href":"https:\/\/www.namira.blog.br\/v1\/wp-json\/wp\/v2\/posts\/746\/revisions\/748"}],"wp:featuredmedia":[{"embeddable":true,"href":"https:\/\/www.namira.blog.br\/v1\/wp-json\/wp\/v2\/media\/747"}],"wp:attachment":[{"href":"https:\/\/www.namira.blog.br\/v1\/wp-json\/wp\/v2\/media?parent=746"}],"wp:term":[{"taxonomy":"category","embeddable":true,"href":"https:\/\/www.namira.blog.br\/v1\/wp-json\/wp\/v2\/categories?post=746"},{"taxonomy":"post_tag","embeddable":true,"href":"https:\/\/www.namira.blog.br\/v1\/wp-json\/wp\/v2\/tags?post=746"}],"curies":[{"name":"wp","href":"https:\/\/api.w.org\/{rel}","templated":true}]}}