{"id":767,"date":"2022-11-21T14:15:43","date_gmt":"2022-11-21T17:15:43","guid":{"rendered":"https:\/\/www.namira.blog.br\/v1\/?p=767"},"modified":"2022-11-21T14:15:43","modified_gmt":"2022-11-21T17:15:43","slug":"brasil-lula-passa-por-cirurgia-na-garganta","status":"publish","type":"post","link":"https:\/\/www.namira.blog.br\/v1\/2022\/11\/21\/brasil-lula-passa-por-cirurgia-na-garganta\/","title":{"rendered":"BRASIL: LULA PASSA POR CIRURGIA NA GARGANTA"},"content":{"rendered":"<h3><img loading=\"lazy\" class=\"size-medium wp-image-768 aligncenter\" src=\"http:\/\/www.namira.blog.br\/v1\/wp-content\/uploads\/2022\/11\/LULA-1-300x288.jpg\" alt=\"\" width=\"300\" height=\"288\" srcset=\"https:\/\/www.namira.blog.br\/v1\/wp-content\/uploads\/2022\/11\/LULA-1-300x288.jpg 300w, https:\/\/www.namira.blog.br\/v1\/wp-content\/uploads\/2022\/11\/LULA-1.jpg 320w\" sizes=\"(max-width: 300px) 100vw, 300px\" \/><\/h3>\n<h3 style=\"text-align: justify;\">O presidente eleito Luiz In\u00e1cio Lula da Silva (PT) passou, neste domingo (20\/11), por um procedimento m\u00e9dico no hospital S\u00edrio-Liban\u00eas, em S\u00e3o Paulo, para retirada da leucoplasia, les\u00e3o na garganta que foi diagnosticada h\u00e1 alguns dias. Ele j\u00e1 teve alta m\u00e9dica e se recupera em casa. A informa\u00e7\u00e3o foi confirmada por sua assessoria. Em boletim m\u00e9dico divulgado nesta segunda-feira (21), a dire\u00e7\u00e3o do hospital informou que o procedimento foi uma laringoscopia para retirada de leucoplasia da prega vocal esquerda. Segundo o boletim, o procedimento mostrou aus\u00eancia de neoplasia (tumor que ocorre pelo crescimento anormal do n\u00famero de c\u00e9lulas). Pelas redes sociais, Lula disse que est\u00e1 \u201ctudo resolvido e bem\u201d. Lula foi acompanhado pelas equipes m\u00e9dicas coordenadas pelos m\u00e9dicos Roberto Kalil Filho, Artur Katz, Rubens Brito, Rui Imamura e Luiz Paulo Kowalski.<\/h3>\n","protected":false},"excerpt":{"rendered":"<p>O presidente eleito Luiz In\u00e1cio Lula da Silva (PT) passou, neste domingo (20\/11), por um procedimento m\u00e9dico no hospital S\u00edrio-Liban\u00eas, em S\u00e3o Paulo, para retirada da leucoplasia, les\u00e3o na garganta que foi diagnosticada h\u00e1 alguns dias. Ele j\u00e1 teve alta m\u00e9dica e se recupera em casa. A informa\u00e7\u00e3o foi confirmada por sua assessoria. Em boletim [&hellip;]<\/p>\n","protected":false},"author":3,"featured_media":768,"comment_status":"closed","ping_status":"closed","sticky":false,"template":"","format":"standard","meta":{"_links_to":"","_links_to_target":""},"categories":[1],"tags":[],"_links":{"self":[{"href":"https:\/\/www.namira.blog.br\/v1\/wp-json\/wp\/v2\/posts\/767"}],"collection":[{"href":"https:\/\/www.namira.blog.br\/v1\/wp-json\/wp\/v2\/posts"}],"about":[{"href":"https:\/\/www.namira.blog.br\/v1\/wp-json\/wp\/v2\/types\/post"}],"author":[{"embeddable":true,"href":"https:\/\/www.namira.blog.br\/v1\/wp-json\/wp\/v2\/users\/3"}],"replies":[{"embeddable":true,"href":"https:\/\/www.namira.blog.br\/v1\/wp-json\/wp\/v2\/comments?post=767"}],"version-history":[{"count":1,"href":"https:\/\/www.namira.blog.br\/v1\/wp-json\/wp\/v2\/posts\/767\/revisions"}],"predecessor-version":[{"id":769,"href":"https:\/\/www.namira.blog.br\/v1\/wp-json\/wp\/v2\/posts\/767\/revisions\/769"}],"wp:featuredmedia":[{"embeddable":true,"href":"https:\/\/www.namira.blog.br\/v1\/wp-json\/wp\/v2\/media\/768"}],"wp:attachment":[{"href":"https:\/\/www.namira.blog.br\/v1\/wp-json\/wp\/v2\/media?parent=767"}],"wp:term":[{"taxonomy":"category","embeddable":true,"href":"https:\/\/www.namira.blog.br\/v1\/wp-json\/wp\/v2\/categories?post=767"},{"taxonomy":"post_tag","embeddable":true,"href":"https:\/\/www.namira.blog.br\/v1\/wp-json\/wp\/v2\/tags?post=767"}],"curies":[{"name":"wp","href":"https:\/\/api.w.org\/{rel}","templated":true}]}}