{"id":773,"date":"2022-11-21T14:50:41","date_gmt":"2022-11-21T17:50:41","guid":{"rendered":"https:\/\/www.namira.blog.br\/v1\/?p=773"},"modified":"2022-11-21T14:50:41","modified_gmt":"2022-11-21T17:50:41","slug":"baiano-de-6-dedos-em-cada-mao-faz-sucesso","status":"publish","type":"post","link":"https:\/\/www.namira.blog.br\/v1\/2022\/11\/21\/baiano-de-6-dedos-em-cada-mao-faz-sucesso\/","title":{"rendered":"BAIANO DE 6 DEDOS EM CADA M\u00c3O FAZ SUCESSO!"},"content":{"rendered":"<h3><img loading=\"lazy\" class=\"size-medium wp-image-774 aligncenter\" src=\"http:\/\/www.namira.blog.br\/v1\/wp-content\/uploads\/2022\/11\/AAAAAA-300x191.jpg\" alt=\"\" width=\"300\" height=\"191\" srcset=\"https:\/\/www.namira.blog.br\/v1\/wp-content\/uploads\/2022\/11\/AAAAAA-300x191.jpg 300w, https:\/\/www.namira.blog.br\/v1\/wp-content\/uploads\/2022\/11\/AAAAAA.jpg 597w\" sizes=\"(max-width: 300px) 100vw, 300px\" \/><\/h3>\n<h3 style=\"text-align: justify;\">\u00c9poca de Copa do Mundo e um dos sinais que os brasileiros mais fazem para representar o t\u00e3o sonhado hexacampeonato \u00e9 o n\u00famero seis, utilizando as duas m\u00e3os. J\u00e1 o baiano Josevaldo de Almeida Thom\u00e9, de 45 anos, se diz privilegiado por conseguir fazer o gesto com apenas uma m\u00e3o. Polegar, indicador, dedo m\u00e9dio, anular, dedo m\u00ednimo e \u201caparecido\u201d. Por mais estranho que pare\u00e7a, h\u00e1 um dedo a mais em cada m\u00e3o de Josevaldo Thom\u00e9, morador de Concei\u00e7\u00e3o do Coit\u00e9, a cerca de 200 km de Salvador.<\/h3>\n<h3 style=\"text-align: justify;\">Nos \u00faltimos anos, quando chega a \u00e9poca de Copa do Mundo de Futebol, o baiano ganha um apelido particular. \u201cTodos que me conhecem e sabem que tenho seis dedos em cada m\u00e3o me chamam de hexa\u201d, disse ao g1. Josevaldo trabalha como t\u00e9cnico de manuten\u00e7\u00e3o e equipamentos odontol\u00f3gicos e hospitalares. O futebol n\u00e3o \u00e9 um esporte que ele acompanha durante todo o ano, mas, em \u00e9poca de Copa, ele garante que vira \u201cf\u00e3 de carteirinha\u201d da sele\u00e7\u00e3o. \u201cSempre que tem uma copa eu fico ansioso. A expectativa \u00e9 de poder fazer o hexa usando uma m\u00e3o s\u00f3 com o t\u00edtulo conquistado\u201d, brincou. *Com informa\u00e7\u00f5es do G1.<\/h3>\n","protected":false},"excerpt":{"rendered":"<p>\u00c9poca de Copa do Mundo e um dos sinais que os brasileiros mais fazem para representar o t\u00e3o sonhado hexacampeonato \u00e9 o n\u00famero seis, utilizando as duas m\u00e3os. J\u00e1 o baiano Josevaldo de Almeida Thom\u00e9, de 45 anos, se diz privilegiado por conseguir fazer o gesto com apenas uma m\u00e3o. Polegar, indicador, dedo m\u00e9dio, anular, [&hellip;]<\/p>\n","protected":false},"author":3,"featured_media":774,"comment_status":"closed","ping_status":"closed","sticky":false,"template":"","format":"standard","meta":{"_links_to":"","_links_to_target":""},"categories":[1],"tags":[],"_links":{"self":[{"href":"https:\/\/www.namira.blog.br\/v1\/wp-json\/wp\/v2\/posts\/773"}],"collection":[{"href":"https:\/\/www.namira.blog.br\/v1\/wp-json\/wp\/v2\/posts"}],"about":[{"href":"https:\/\/www.namira.blog.br\/v1\/wp-json\/wp\/v2\/types\/post"}],"author":[{"embeddable":true,"href":"https:\/\/www.namira.blog.br\/v1\/wp-json\/wp\/v2\/users\/3"}],"replies":[{"embeddable":true,"href":"https:\/\/www.namira.blog.br\/v1\/wp-json\/wp\/v2\/comments?post=773"}],"version-history":[{"count":1,"href":"https:\/\/www.namira.blog.br\/v1\/wp-json\/wp\/v2\/posts\/773\/revisions"}],"predecessor-version":[{"id":775,"href":"https:\/\/www.namira.blog.br\/v1\/wp-json\/wp\/v2\/posts\/773\/revisions\/775"}],"wp:featuredmedia":[{"embeddable":true,"href":"https:\/\/www.namira.blog.br\/v1\/wp-json\/wp\/v2\/media\/774"}],"wp:attachment":[{"href":"https:\/\/www.namira.blog.br\/v1\/wp-json\/wp\/v2\/media?parent=773"}],"wp:term":[{"taxonomy":"category","embeddable":true,"href":"https:\/\/www.namira.blog.br\/v1\/wp-json\/wp\/v2\/categories?post=773"},{"taxonomy":"post_tag","embeddable":true,"href":"https:\/\/www.namira.blog.br\/v1\/wp-json\/wp\/v2\/tags?post=773"}],"curies":[{"name":"wp","href":"https:\/\/api.w.org\/{rel}","templated":true}]}}