{"id":793,"date":"2023-02-13T14:43:39","date_gmt":"2023-02-13T17:43:39","guid":{"rendered":"https:\/\/www.namira.blog.br\/v1\/?p=793"},"modified":"2023-02-13T14:43:39","modified_gmt":"2023-02-13T17:43:39","slug":"lula-na-bahia-primeira-visita-oficial-desde-a-posse","status":"publish","type":"post","link":"https:\/\/www.namira.blog.br\/v1\/2023\/02\/13\/lula-na-bahia-primeira-visita-oficial-desde-a-posse\/","title":{"rendered":"LULA NA BAHIA! PRIMEIRA VISITA OFICIAL DESDE A POSSE"},"content":{"rendered":"<p><img loading=\"lazy\" class=\" wp-image-794 aligncenter\" src=\"http:\/\/www.namira.blog.br\/v1\/wp-content\/uploads\/2023\/02\/LULA-AAAAA1-300x221.jpg\" alt=\"\" width=\"329\" height=\"242\" srcset=\"https:\/\/www.namira.blog.br\/v1\/wp-content\/uploads\/2023\/02\/LULA-AAAAA1-300x221.jpg 300w, https:\/\/www.namira.blog.br\/v1\/wp-content\/uploads\/2023\/02\/LULA-AAAAA1.jpg 320w\" sizes=\"(max-width: 329px) 100vw, 329px\" \/><\/p>\n<h3 style=\"text-align: justify;\">O Governo Federal confirmou a ida de Luiz In\u00e1cio Lula da Silva (PT) em Santo Amaro nesta ter\u00e7a-feira (14). Acompanhado do governador da Bahia, Jer\u00f4nimo Rodrigues (PT), e do ministro da Casa Civil, Rui Costa (PT), o presidente da Rep\u00fablica participar\u00e1 do lan\u00e7amento do novo programa Minha Casa Minha Vida e da entrega de moradias populares na cidade do Rec\u00f4ncavo Baiano. Ser\u00e1 a primeira visita do presidente ao Nordeste desde que assumiu o cargo pela terceira vez, em 1\u00ba de janeiro. O \u00faltimo ato p\u00fablico de Lula na Bahia foi no dia 12 de outubro, durante campanha do segundo turno.<\/h3>\n","protected":false},"excerpt":{"rendered":"<p>O Governo Federal confirmou a ida de Luiz In\u00e1cio Lula da Silva (PT) em Santo Amaro nesta ter\u00e7a-feira (14). Acompanhado do governador da Bahia, Jer\u00f4nimo Rodrigues (PT), e do ministro da Casa Civil, Rui Costa (PT), o presidente da Rep\u00fablica participar\u00e1 do lan\u00e7amento do novo programa Minha Casa Minha Vida e da entrega de moradias [&hellip;]<\/p>\n","protected":false},"author":3,"featured_media":794,"comment_status":"closed","ping_status":"closed","sticky":false,"template":"","format":"standard","meta":{"_links_to":"","_links_to_target":""},"categories":[1],"tags":[],"_links":{"self":[{"href":"https:\/\/www.namira.blog.br\/v1\/wp-json\/wp\/v2\/posts\/793"}],"collection":[{"href":"https:\/\/www.namira.blog.br\/v1\/wp-json\/wp\/v2\/posts"}],"about":[{"href":"https:\/\/www.namira.blog.br\/v1\/wp-json\/wp\/v2\/types\/post"}],"author":[{"embeddable":true,"href":"https:\/\/www.namira.blog.br\/v1\/wp-json\/wp\/v2\/users\/3"}],"replies":[{"embeddable":true,"href":"https:\/\/www.namira.blog.br\/v1\/wp-json\/wp\/v2\/comments?post=793"}],"version-history":[{"count":1,"href":"https:\/\/www.namira.blog.br\/v1\/wp-json\/wp\/v2\/posts\/793\/revisions"}],"predecessor-version":[{"id":795,"href":"https:\/\/www.namira.blog.br\/v1\/wp-json\/wp\/v2\/posts\/793\/revisions\/795"}],"wp:featuredmedia":[{"embeddable":true,"href":"https:\/\/www.namira.blog.br\/v1\/wp-json\/wp\/v2\/media\/794"}],"wp:attachment":[{"href":"https:\/\/www.namira.blog.br\/v1\/wp-json\/wp\/v2\/media?parent=793"}],"wp:term":[{"taxonomy":"category","embeddable":true,"href":"https:\/\/www.namira.blog.br\/v1\/wp-json\/wp\/v2\/categories?post=793"},{"taxonomy":"post_tag","embeddable":true,"href":"https:\/\/www.namira.blog.br\/v1\/wp-json\/wp\/v2\/tags?post=793"}],"curies":[{"name":"wp","href":"https:\/\/api.w.org\/{rel}","templated":true}]}}