{"id":873,"date":"2025-03-18T16:20:38","date_gmt":"2025-03-18T19:20:38","guid":{"rendered":"https:\/\/www.namira.blog.br\/v1\/?p=873"},"modified":"2025-03-18T16:20:38","modified_gmt":"2025-03-18T19:20:38","slug":"itabuna-prefeitura-entra-na-5a-fase-de-fase-de-entrega-de-titulos-de-regularizacao-fundiaria","status":"publish","type":"post","link":"https:\/\/www.namira.blog.br\/v1\/2025\/03\/18\/itabuna-prefeitura-entra-na-5a-fase-de-fase-de-entrega-de-titulos-de-regularizacao-fundiaria\/","title":{"rendered":"ITABUNA: PREFEITURA ENTRA NA 5a FASE DE FASE DE ENTREGA DE T\u00cdTULOS DE REGULARIZA\u00c7\u00c3O FUNDI\u00c1RIA"},"content":{"rendered":"<h3><img loading=\"lazy\" class=\"size-medium wp-image-874 aligncenter\" src=\"http:\/\/www.namira.blog.br\/v1\/wp-content\/uploads\/2025\/03\/fundiaria-300x149.jpeg\" alt=\"\" width=\"300\" height=\"149\" srcset=\"https:\/\/www.namira.blog.br\/v1\/wp-content\/uploads\/2025\/03\/fundiaria-300x149.jpeg 300w, https:\/\/www.namira.blog.br\/v1\/wp-content\/uploads\/2025\/03\/fundiaria.jpeg 600w\" sizes=\"(max-width: 300px) 100vw, 300px\" \/>A Prefeitura de Itabuna realizou na manh\u00e3 desta quarta-feira, dia 27, no Teatro Municipal Candinha D\u00f3ria, mais uma solenidade com a presen\u00e7a de autoridades do Poder Judici\u00e1rio do Estado da Bahia, que marcou a quinta fase de entrega de t\u00edtulos de regulariza\u00e7\u00e3o fundi\u00e1ria do Programa Meu Lugar.<\/h3>\n<h3>A iniciativa faz parte de uma a\u00e7\u00e3o conjunta entre a Prefeitura de Itabuna, por meio da Secretaria Municipal de Planejamento (SEPLAN) e o N\u00facleo de Regulariza\u00e7\u00e3o Fundi\u00e1ria da Corregedoria- Geral da Justi\u00e7a do Tribunal de Justi\u00e7a da Bahia (NUREF-TJBA).<\/h3>\n<h3>O juiz auxiliar da Corregedoria-Geral da Justi\u00e7a, Marcos Ledo, representou o Corregedor-Geral de Justi\u00e7a, Desembargador Roberto Maynard Frank. Para o magistrado, o t\u00edtulo n\u00e3o se resume apenas na quest\u00e3o formal da entrega de um papel que d\u00e1 ao benefici\u00e1rio a possibilidade de passar o im\u00f3vel no futuro.<\/h3>\n<h3>\u201cExiste uma grandiosidade que muda toda a realidade do cidad\u00e3o, porque deixar\u00e1 de ser tratado como invasor, uma acusa\u00e7\u00e3o que traz s\u00e9rias consequ\u00eancias para a vida da pessoa. Mas, a partir de agora, essas pessoas ter\u00e3o uma nova vida, com dignidade e esperan\u00e7a de dias melhores. Isso \u00e9 muito importante\u201d, disse.<\/h3>\n<h3>O prefeito Augusto Castro (PSD) fez quest\u00e3o de ressaltar que o Programa Meu Lugar continua em expans\u00e3o de modo a atender outras localidades em raz\u00e3o da grande demanda do munic\u00edpio. De acordo com o prefeito \u201cquase 70% dos im\u00f3veis de Itabuna n\u00e3o t\u00eam escritura p\u00fablica e nem registro. As pessoas n\u00e3o tinham um sentimento de pertencimento. A partir desse programa est\u00e1 sendo poss\u00edvel mudar essa realidade\u201d, sustentou<\/h3>\n<h3>O secret\u00e1rio municipal de Planejamento, Jo\u00e3o Carlos Oliveira da Silva, aproveitou o momento para ressaltar a condi\u00e7\u00e3o de Itabuna como refer\u00eancia nacional, feito que conquistou nos \u00faltimos tr\u00eas anos em raz\u00e3o da implanta\u00e7\u00e3o e execu\u00e7\u00e3o do Programa de Regulariza\u00e7\u00e3o Fundi\u00e1ria Meu Lugar.<\/h3>\n<h3>\u201cLevamos \u00e0 Bras\u00edlia uma fam\u00edlia representando todos que j\u00e1 foram beneficiados com o t\u00edtulo de regulariza\u00e7\u00e3o fundi\u00e1ria devidamente registrado no Cart\u00f3rio de Registros P\u00fablicos, e isso \u00e9 muito gratificante para o nosso munic\u00edpio porque n\u00e3o representamos s\u00f3 Itabuna, mas toda a Bahia\u201d, comentou o secret\u00e1rio de Planejamento.<\/h3>\n<h3>Hoje, um total de 238 fam\u00edlias foram beneficiadas, sendo 173 do N\u00facleo Habitacional do Jorge Amado IV e 65, do Novo Mangabinha II. De acordo com a presidente da Comiss\u00e3o REURB, a arquiteta Leila Lessa, esta \u00e9 a quinta fase de entrega de t\u00edtulos desde que o Programa Meu Lugar foi criado na atual gest\u00e3o. \u201cMais de 1.000 fam\u00edlias que viviam em situa\u00e7\u00e3o de irregularidade fundi\u00e1ria j\u00e1 foram beneficiadas e temos muito mais ainda a fazer\u201d, disse.<\/h3>\n","protected":false},"excerpt":{"rendered":"<p>A Prefeitura de Itabuna realizou na manh\u00e3 desta quarta-feira, dia 27, no Teatro Municipal Candinha D\u00f3ria, mais uma solenidade com a presen\u00e7a de autoridades do Poder Judici\u00e1rio do Estado da Bahia, que marcou a quinta fase de entrega de t\u00edtulos de regulariza\u00e7\u00e3o fundi\u00e1ria do Programa Meu Lugar. A iniciativa faz parte de uma a\u00e7\u00e3o conjunta [&hellip;]<\/p>\n","protected":false},"author":3,"featured_media":874,"comment_status":"closed","ping_status":"closed","sticky":false,"template":"","format":"standard","meta":{"_links_to":"","_links_to_target":""},"categories":[11,5,1,10,35],"tags":[],"_links":{"self":[{"href":"https:\/\/www.namira.blog.br\/v1\/wp-json\/wp\/v2\/posts\/873"}],"collection":[{"href":"https:\/\/www.namira.blog.br\/v1\/wp-json\/wp\/v2\/posts"}],"about":[{"href":"https:\/\/www.namira.blog.br\/v1\/wp-json\/wp\/v2\/types\/post"}],"author":[{"embeddable":true,"href":"https:\/\/www.namira.blog.br\/v1\/wp-json\/wp\/v2\/users\/3"}],"replies":[{"embeddable":true,"href":"https:\/\/www.namira.blog.br\/v1\/wp-json\/wp\/v2\/comments?post=873"}],"version-history":[{"count":1,"href":"https:\/\/www.namira.blog.br\/v1\/wp-json\/wp\/v2\/posts\/873\/revisions"}],"predecessor-version":[{"id":875,"href":"https:\/\/www.namira.blog.br\/v1\/wp-json\/wp\/v2\/posts\/873\/revisions\/875"}],"wp:featuredmedia":[{"embeddable":true,"href":"https:\/\/www.namira.blog.br\/v1\/wp-json\/wp\/v2\/media\/874"}],"wp:attachment":[{"href":"https:\/\/www.namira.blog.br\/v1\/wp-json\/wp\/v2\/media?parent=873"}],"wp:term":[{"taxonomy":"category","embeddable":true,"href":"https:\/\/www.namira.blog.br\/v1\/wp-json\/wp\/v2\/categories?post=873"},{"taxonomy":"post_tag","embeddable":true,"href":"https:\/\/www.namira.blog.br\/v1\/wp-json\/wp\/v2\/tags?post=873"}],"curies":[{"name":"wp","href":"https:\/\/api.w.org\/{rel}","templated":true}]}}