{"id":876,"date":"2025-03-18T16:24:21","date_gmt":"2025-03-18T19:24:21","guid":{"rendered":"https:\/\/www.namira.blog.br\/v1\/?p=876"},"modified":"2025-03-18T16:24:21","modified_gmt":"2025-03-18T19:24:21","slug":"ilheus-justica-eleitoral-aprova-contas-de-campanha-do-prefeito-eleito-valderico-junior","status":"publish","type":"post","link":"https:\/\/www.namira.blog.br\/v1\/2025\/03\/18\/ilheus-justica-eleitoral-aprova-contas-de-campanha-do-prefeito-eleito-valderico-junior\/","title":{"rendered":"ILH\u00c9US: JUSTI\u00c7A ELEITORAL APROVA CONTAS DE CAMPANHA DO PREFEITO ELEITO VALDERICO JUNIOR"},"content":{"rendered":"<h3><img loading=\"lazy\" class=\"size-medium wp-image-878 aligncenter\" src=\"http:\/\/www.namira.blog.br\/v1\/wp-content\/uploads\/2025\/03\/valderico-jr-1-300x282.jpeg\" alt=\"\" width=\"300\" height=\"282\" srcset=\"https:\/\/www.namira.blog.br\/v1\/wp-content\/uploads\/2025\/03\/valderico-jr-1-300x282.jpeg 300w, https:\/\/www.namira.blog.br\/v1\/wp-content\/uploads\/2025\/03\/valderico-jr-1.jpeg 455w\" sizes=\"(max-width: 300px) 100vw, 300px\" \/>A Justi\u00e7a Eleitoral aprovou a presta\u00e7\u00e3o de contas do prefeito eleito de Ilh\u00e9us, Valderico Junior, referente \u00e0s Elei\u00e7\u00f5es Municipais 2024. Assinada pelo Juiz Alex Ven\u00edcius Campos Miranda, da 26\u00ba Zona Eleitoral de Ilh\u00e9us, a senten\u00e7a foi publicada na manh\u00e3 desta quinta-feira, 5 de dezembro.<\/h3>\n<h3>A decis\u00e3o reflete o compromisso do futuro gestor com a legisla\u00e7\u00e3o eleitoral, refor\u00e7ando sua transpar\u00eancia e responsabilidade com toda popula\u00e7\u00e3o ilheense.<\/h3>\n<h3>Valderico Junior foi candidato pela Coliga\u00e7\u00e3o Ilh\u00e9us da Renova\u00e7\u00e3o Competente (UB-Novo-DC-PP-PRD) e eleito prefeito para o mandato 2025-2028, com 41.567 votos.<\/h3>\n","protected":false},"excerpt":{"rendered":"<p>A Justi\u00e7a Eleitoral aprovou a presta\u00e7\u00e3o de contas do prefeito eleito de Ilh\u00e9us, Valderico Junior, referente \u00e0s Elei\u00e7\u00f5es Municipais 2024. Assinada pelo Juiz Alex Ven\u00edcius Campos Miranda, da 26\u00ba Zona Eleitoral de Ilh\u00e9us, a senten\u00e7a foi publicada na manh\u00e3 desta quinta-feira, 5 de dezembro. A decis\u00e3o reflete o compromisso do futuro gestor com a legisla\u00e7\u00e3o [&hellip;]<\/p>\n","protected":false},"author":3,"featured_media":878,"comment_status":"closed","ping_status":"closed","sticky":false,"template":"","format":"standard","meta":{"_links_to":"","_links_to_target":""},"categories":[11,4,1,10,35],"tags":[],"_links":{"self":[{"href":"https:\/\/www.namira.blog.br\/v1\/wp-json\/wp\/v2\/posts\/876"}],"collection":[{"href":"https:\/\/www.namira.blog.br\/v1\/wp-json\/wp\/v2\/posts"}],"about":[{"href":"https:\/\/www.namira.blog.br\/v1\/wp-json\/wp\/v2\/types\/post"}],"author":[{"embeddable":true,"href":"https:\/\/www.namira.blog.br\/v1\/wp-json\/wp\/v2\/users\/3"}],"replies":[{"embeddable":true,"href":"https:\/\/www.namira.blog.br\/v1\/wp-json\/wp\/v2\/comments?post=876"}],"version-history":[{"count":1,"href":"https:\/\/www.namira.blog.br\/v1\/wp-json\/wp\/v2\/posts\/876\/revisions"}],"predecessor-version":[{"id":879,"href":"https:\/\/www.namira.blog.br\/v1\/wp-json\/wp\/v2\/posts\/876\/revisions\/879"}],"wp:featuredmedia":[{"embeddable":true,"href":"https:\/\/www.namira.blog.br\/v1\/wp-json\/wp\/v2\/media\/878"}],"wp:attachment":[{"href":"https:\/\/www.namira.blog.br\/v1\/wp-json\/wp\/v2\/media?parent=876"}],"wp:term":[{"taxonomy":"category","embeddable":true,"href":"https:\/\/www.namira.blog.br\/v1\/wp-json\/wp\/v2\/categories?post=876"},{"taxonomy":"post_tag","embeddable":true,"href":"https:\/\/www.namira.blog.br\/v1\/wp-json\/wp\/v2\/tags?post=876"}],"curies":[{"name":"wp","href":"https:\/\/api.w.org\/{rel}","templated":true}]}}