{"id":885,"date":"2025-03-31T16:34:10","date_gmt":"2025-03-31T19:34:10","guid":{"rendered":"https:\/\/www.namira.blog.br\/v1\/?p=885"},"modified":"2025-03-31T16:34:10","modified_gmt":"2025-03-31T19:34:10","slug":"upb-augusto-castro-e-o-novo-diretor-de-relacoes-institucionais","status":"publish","type":"post","link":"https:\/\/www.namira.blog.br\/v1\/2025\/03\/31\/upb-augusto-castro-e-o-novo-diretor-de-relacoes-institucionais\/","title":{"rendered":"UPB: AUGUSTO CASTRO \u00c9 O NOVO DIRETOR DE RELA\u00c7\u00d5ES INSTITUCIONAIS"},"content":{"rendered":"<p><img loading=\"lazy\" class=\"size-medium wp-image-886 aligncenter\" src=\"http:\/\/www.namira.blog.br\/v1\/wp-content\/uploads\/2025\/03\/487416022_9553808138010311_1567135172493029906_n-e1743187147214-300x200.jpg\" alt=\"\" width=\"300\" height=\"200\" srcset=\"https:\/\/www.namira.blog.br\/v1\/wp-content\/uploads\/2025\/03\/487416022_9553808138010311_1567135172493029906_n-e1743187147214-300x200.jpg 300w, https:\/\/www.namira.blog.br\/v1\/wp-content\/uploads\/2025\/03\/487416022_9553808138010311_1567135172493029906_n-e1743187147214.jpg 460w\" sizes=\"(max-width: 300px) 100vw, 300px\" \/><\/p>\n<h3>Em uma clara demonstra\u00e7\u00e3o de for\u00e7a pol\u00edtica, o prefeito de Itabuna, Augusto Castro (PSD), foi escolhido nesta sexta-feira como diretor de rela\u00e7\u00f5es institucionais da Uni\u00e3o dos Prefeitos da Bahia (UPB). O evento, que marcou a escolha de Castro para a posi\u00e7\u00e3o, destacou sua influ\u00eancia e capacidade de articula\u00e7\u00e3o no cen\u00e1rio pol\u00edtico estadual.<\/h3>\n<h3>Augusto Castro, que est\u00e1 em seu segundo mandato como prefeito da cidade de Itabuna, assumir\u00e1 a nova fun\u00e7\u00e3o com o objetivo de fortalecer as rela\u00e7\u00f5es entre os munic\u00edpios baianos e promover uma maior integra\u00e7\u00e3o entre as gest\u00f5es municipais e o governo estadual.<\/h3>\n<h3>\u201cEstou comprometido com o fortalecimento das nossas cidades e com a busca de solu\u00e7\u00f5es conjuntas para os desafios que enfrentamos como comunidade\u201d, afirmou Castro durante a cerim\u00f4nia de nomea\u00e7\u00e3o.<\/h3>\n","protected":false},"excerpt":{"rendered":"<p>Em uma clara demonstra\u00e7\u00e3o de for\u00e7a pol\u00edtica, o prefeito de Itabuna, Augusto Castro (PSD), foi escolhido nesta sexta-feira como diretor de rela\u00e7\u00f5es institucionais da Uni\u00e3o dos Prefeitos da Bahia (UPB). O evento, que marcou a escolha de Castro para a posi\u00e7\u00e3o, destacou sua influ\u00eancia e capacidade de articula\u00e7\u00e3o no cen\u00e1rio pol\u00edtico estadual. Augusto Castro, que [&hellip;]<\/p>\n","protected":false},"author":3,"featured_media":886,"comment_status":"closed","ping_status":"closed","sticky":false,"template":"","format":"standard","meta":{"_links_to":"","_links_to_target":""},"categories":[11,2,10,35],"tags":[],"_links":{"self":[{"href":"https:\/\/www.namira.blog.br\/v1\/wp-json\/wp\/v2\/posts\/885"}],"collection":[{"href":"https:\/\/www.namira.blog.br\/v1\/wp-json\/wp\/v2\/posts"}],"about":[{"href":"https:\/\/www.namira.blog.br\/v1\/wp-json\/wp\/v2\/types\/post"}],"author":[{"embeddable":true,"href":"https:\/\/www.namira.blog.br\/v1\/wp-json\/wp\/v2\/users\/3"}],"replies":[{"embeddable":true,"href":"https:\/\/www.namira.blog.br\/v1\/wp-json\/wp\/v2\/comments?post=885"}],"version-history":[{"count":1,"href":"https:\/\/www.namira.blog.br\/v1\/wp-json\/wp\/v2\/posts\/885\/revisions"}],"predecessor-version":[{"id":887,"href":"https:\/\/www.namira.blog.br\/v1\/wp-json\/wp\/v2\/posts\/885\/revisions\/887"}],"wp:featuredmedia":[{"embeddable":true,"href":"https:\/\/www.namira.blog.br\/v1\/wp-json\/wp\/v2\/media\/886"}],"wp:attachment":[{"href":"https:\/\/www.namira.blog.br\/v1\/wp-json\/wp\/v2\/media?parent=885"}],"wp:term":[{"taxonomy":"category","embeddable":true,"href":"https:\/\/www.namira.blog.br\/v1\/wp-json\/wp\/v2\/categories?post=885"},{"taxonomy":"post_tag","embeddable":true,"href":"https:\/\/www.namira.blog.br\/v1\/wp-json\/wp\/v2\/tags?post=885"}],"curies":[{"name":"wp","href":"https:\/\/api.w.org\/{rel}","templated":true}]}}