{"id":892,"date":"2025-04-02T14:29:44","date_gmt":"2025-04-02T17:29:44","guid":{"rendered":"https:\/\/www.namira.blog.br\/v1\/?p=892"},"modified":"2025-04-02T14:32:54","modified_gmt":"2025-04-02T17:32:54","slug":"ilheus-obras-do-porto-sul-sao-suspensas-parou-tudo","status":"publish","type":"post","link":"https:\/\/www.namira.blog.br\/v1\/2025\/04\/02\/ilheus-obras-do-porto-sul-sao-suspensas-parou-tudo\/","title":{"rendered":"ILH\u00c9US: OBRAS DO PORTO SUL S\u00c3O SUSPENSAS. PAROU TUDO."},"content":{"rendered":"<div id=\"chunk-bdnij\">\n<p data-track-category=\"Link no Texto\" data-track-links=\"\" data-mrf-recirculation=\"Mat\u00e9ria - Links no Texto\"><img loading=\"lazy\" class=\"size-medium wp-image-893 aligncenter\" src=\"http:\/\/www.namira.blog.br\/v1\/wp-content\/uploads\/2025\/04\/02_bamin_inaugura_obras_da_fiol_1_1-300x200.jpeg\" alt=\"\" width=\"300\" height=\"200\" srcset=\"https:\/\/www.namira.blog.br\/v1\/wp-content\/uploads\/2025\/04\/02_bamin_inaugura_obras_da_fiol_1_1-300x200.jpeg 300w, https:\/\/www.namira.blog.br\/v1\/wp-content\/uploads\/2025\/04\/02_bamin_inaugura_obras_da_fiol_1_1.jpeg 600w\" sizes=\"(max-width: 300px) 100vw, 300px\" \/> <img loading=\"lazy\" class=\" wp-image-894 aligncenter\" src=\"http:\/\/www.namira.blog.br\/v1\/wp-content\/uploads\/2025\/04\/fiol_mapa-BAMIM-300x162.jpg\" alt=\"\" width=\"331\" height=\"179\" srcset=\"https:\/\/www.namira.blog.br\/v1\/wp-content\/uploads\/2025\/04\/fiol_mapa-BAMIM-300x162.jpg 300w, https:\/\/www.namira.blog.br\/v1\/wp-content\/uploads\/2025\/04\/fiol_mapa-BAMIM.jpg 600w\" sizes=\"(max-width: 331px) 100vw, 331px\" \/><\/p>\n<h2 style=\"text-align: justify;\" data-block-type=\"unstyled\" data-block-weight=\"28\" data-block-id=\"3\">A obra da primeira etapa da Ferrovia de Integra\u00e7\u00e3o Oeste-Leste (Fiol), entre as cidades de\u00a0<a href=\"https:\/\/g1.globo.com\/ba\/bahia\/cidade\/caetite\/\" data-mrf-link=\"https:\/\/g1.globo.com\/ba\/bahia\/cidade\/caetite\/\">Caetit\u00e9<\/a>\u00a0e\u00a0<a href=\"https:\/\/g1.globo.com\/ba\/bahia\/cidade\/ilheus\/\" data-mrf-link=\"https:\/\/g1.globo.com\/ba\/bahia\/cidade\/ilheus\/\">Ilh\u00e9us<\/a>, na Bahia, foi suspensa com 75% do projeto conclu\u00eddo.<\/h2>\n<\/div>\n<div>\n<h2 style=\"text-align: justify;\" data-track-category=\"Link no Texto\" data-mrf-recirculation=\"Mat\u00e9ria - Links no Texto\">A informa\u00e7\u00e3o foi divulgada nesta ter\u00e7a-feira (1\u00ba) pela BAMIN, respons\u00e1vel pela constru\u00e7\u00e3o. Segundo a companhia, o contrato com a construtora Prumo Engenharia foi &#8220;desmobilizado&#8221; na segunda (31), ap\u00f3s um investimento de R$ 784 milh\u00f5es.<\/h2>\n<div id=\"chunk-1jpeo\">\n<div data-block-type=\"unstyled\" data-block-weight=\"21\" data-block-id=\"6\">\n<h2 style=\"text-align: justify;\">O<a href=\"https:\/\/g1.globo.com\/ba\/bahia\/\" data-mrf-link=\"https:\/\/g1.globo.com\/ba\/bahia\/\">\u00a0g1<\/a>\u00a0tenta localizar a Prumo Engenharia para obter mais informa\u00e7\u00f5es. O motivo da suspens\u00e3o de contrato n\u00e3o foi informado.<\/h2>\n<h2 style=\"text-align: justify;\" data-track-category=\"Link no Texto\" data-mrf-recirculation=\"Mat\u00e9ria - Links no Texto\">O trecho 1 da Fiol foi\u00a0<a href=\"https:\/\/g1.globo.com\/ba\/bahia\/noticia\/2023\/07\/03\/presidente-lula-participa-de-cerimonia-para-inicio-de-obras-da-primeira-etapa-da-ferrovia-oeste-leste-na-bahia.ghtml\" data-mrf-link=\"https:\/\/g1.globo.com\/ba\/bahia\/noticia\/2023\/07\/03\/presidente-lula-participa-de-cerimonia-para-inicio-de-obras-da-primeira-etapa-da-ferrovia-oeste-leste-na-bahia.ghtml\">a primeira obra anunciada pelo presidente Luiz In\u00e1cio Lula da Silva no Novo Programa de Acelera\u00e7\u00e3o do Crescimento (PAC)<\/a>, em julho de 2023.<\/h2>\n<h2 style=\"text-align: justify;\" data-track-category=\"Link no Texto\" data-mrf-recirculation=\"Mat\u00e9ria - Links no Texto\">O projeto previa 537 quil\u00f4metros de extens\u00e3o, passando por 19 munic\u00edpios baianos.<\/h2>\n<div id=\"chunk-7s2d9\">\n<h2 style=\"text-align: justify;\" data-track-category=\"Link no Texto\" data-mrf-recirculation=\"Mat\u00e9ria - Links no Texto\">Na \u00e9poca, a BAMIN previu concluir essa etapa at\u00e9 2027, mas Lula pediu celeridade nos trabalhos para que a entrega acontecesse em 2026, ano eleitoral.<\/h2>\n<h2 style=\"text-align: justify;\" data-track-category=\"Link no Texto\" data-mrf-recirculation=\"Mat\u00e9ria - Links no Texto\">O\u00a0<a href=\"https:\/\/g1.globo.com\/ba\/bahia\/\" data-mrf-link=\"https:\/\/g1.globo.com\/ba\/bahia\/\">g1<\/a>\u00a0procurou o Minist\u00e9rio da Casa Civil, que solicitou que o Minist\u00e9rio dos Transportes fosse contactado. A pasta, por sua vez, pediu para que a Ag\u00eancia Nacional de Transportes Terrestres (ANTT), fosse procurada.<\/h2>\n<div id=\"chunk-68p4g\">\n<div data-block-type=\"unstyled\" data-block-weight=\"42\" data-block-id=\"19\">\n<h2 style=\"text-align: justify;\">A ANTT informou ter aberto um procedimento preliminar para investigar poss\u00edvel descumprimento contratual da empresa. Segundo o \u00f3rg\u00e3o, a concession\u00e1ria j\u00e1 havia sido notificada sobre desempenho abaixo do esperado no andamento das obras.<\/h2>\n<h2 style=\"text-align: justify;\" data-track-category=\"Link no Texto\" data-mrf-recirculation=\"Mat\u00e9ria - Links no Texto\">Em nota, a BAMIN disse que, mesmo com a medida, os servi\u00e7os de manuten\u00e7\u00e3o ser\u00e3o mantidos, al\u00e9m de todas as obriga\u00e7\u00f5es socioambientais relacionadas ao Projeto Integrado Pedra de Ferro.<\/h2>\n<div id=\"chunk-ch192\">\n<h2 style=\"text-align: justify;\" data-block-type=\"unstyled\" data-block-weight=\"23\" data-block-id=\"14\">Ainda conforme a BAMIN o Grupo ERG, respons\u00e1vel pela companhia, &#8220;permanece em busca de investidores que possam apoiar a implanta\u00e7\u00e3o desta a\u00e7\u00e3o&#8221;.A BAMIN explicou que a empresa e o Projeto Integrado (Mina, Ferrovia e Porto) est\u00e3o em processo de venda por parte da controladora, a Eurasian Resources Group (ERG), e essa &#8220;busca por investidores&#8221; refere-se, na verdade, \u00e0 venda da empresa.E agora?<\/h2>\n<\/div>\n<\/div>\n<\/div>\n<\/div>\n<\/div>\n<\/div>\n<\/div>\n","protected":false},"excerpt":{"rendered":"<p>A obra da primeira etapa da Ferrovia de Integra\u00e7\u00e3o Oeste-Leste (Fiol), entre as cidades de\u00a0Caetit\u00e9\u00a0e\u00a0Ilh\u00e9us, na Bahia, foi suspensa com 75% do projeto conclu\u00eddo. A informa\u00e7\u00e3o foi divulgada nesta ter\u00e7a-feira (1\u00ba) pela BAMIN, respons\u00e1vel pela constru\u00e7\u00e3o. Segundo a companhia, o contrato com a construtora Prumo Engenharia foi &#8220;desmobilizado&#8221; na segunda (31), ap\u00f3s um investimento de [&hellip;]<\/p>\n","protected":false},"author":3,"featured_media":893,"comment_status":"closed","ping_status":"closed","sticky":false,"template":"","format":"standard","meta":{"_links_to":"","_links_to_target":""},"categories":[11,9,4,1,14,10,35],"tags":[],"_links":{"self":[{"href":"https:\/\/www.namira.blog.br\/v1\/wp-json\/wp\/v2\/posts\/892"}],"collection":[{"href":"https:\/\/www.namira.blog.br\/v1\/wp-json\/wp\/v2\/posts"}],"about":[{"href":"https:\/\/www.namira.blog.br\/v1\/wp-json\/wp\/v2\/types\/post"}],"author":[{"embeddable":true,"href":"https:\/\/www.namira.blog.br\/v1\/wp-json\/wp\/v2\/users\/3"}],"replies":[{"embeddable":true,"href":"https:\/\/www.namira.blog.br\/v1\/wp-json\/wp\/v2\/comments?post=892"}],"version-history":[{"count":3,"href":"https:\/\/www.namira.blog.br\/v1\/wp-json\/wp\/v2\/posts\/892\/revisions"}],"predecessor-version":[{"id":897,"href":"https:\/\/www.namira.blog.br\/v1\/wp-json\/wp\/v2\/posts\/892\/revisions\/897"}],"wp:featuredmedia":[{"embeddable":true,"href":"https:\/\/www.namira.blog.br\/v1\/wp-json\/wp\/v2\/media\/893"}],"wp:attachment":[{"href":"https:\/\/www.namira.blog.br\/v1\/wp-json\/wp\/v2\/media?parent=892"}],"wp:term":[{"taxonomy":"category","embeddable":true,"href":"https:\/\/www.namira.blog.br\/v1\/wp-json\/wp\/v2\/categories?post=892"},{"taxonomy":"post_tag","embeddable":true,"href":"https:\/\/www.namira.blog.br\/v1\/wp-json\/wp\/v2\/tags?post=892"}],"curies":[{"name":"wp","href":"https:\/\/api.w.org\/{rel}","templated":true}]}}