{"id":899,"date":"2025-04-14T11:08:35","date_gmt":"2025-04-14T14:08:35","guid":{"rendered":"https:\/\/www.namira.blog.br\/v1\/?p=899"},"modified":"2025-04-14T11:08:35","modified_gmt":"2025-04-14T14:08:35","slug":"ilheus-valderico-decide-nao-renovar-contrato-da-viacao-sao-miguel","status":"publish","type":"post","link":"https:\/\/www.namira.blog.br\/v1\/2025\/04\/14\/ilheus-valderico-decide-nao-renovar-contrato-da-viacao-sao-miguel\/","title":{"rendered":"ILH\u00c9US: VALDERICO DECIDE N\u00c3O RENOVAR CONTRATO DA VIA\u00c7\u00c3O S\u00c3O MIGUEL"},"content":{"rendered":"<h3 style=\"text-align: justify;\"><img loading=\"lazy\" class=\"size-medium wp-image-900 aligncenter\" src=\"http:\/\/www.namira.blog.br\/v1\/wp-content\/uploads\/2025\/04\/VALDERICO-ONIBUS-1-300x159.jpeg\" alt=\"\" width=\"300\" height=\"159\" srcset=\"https:\/\/www.namira.blog.br\/v1\/wp-content\/uploads\/2025\/04\/VALDERICO-ONIBUS-1-300x159.jpeg 300w, https:\/\/www.namira.blog.br\/v1\/wp-content\/uploads\/2025\/04\/VALDERICO-ONIBUS-1.jpeg 600w\" sizes=\"(max-width: 300px) 100vw, 300px\" \/>Chovia forte quando a empresa Viametro apresentou os 15 \u00f4nibus que v\u00e3o refor\u00e7ar o transporte p\u00fablico de Ilh\u00e9us, na tarde desta sexta-feira (11), numa Avenida Soares Lopes come\u00e7ando a alagar. Segundo a Prefeitura, s\u00e3o ve\u00edculos novos, com sinal de Wi-Fi aberto, tomadas USB e sistema de videomonitoramento interno. Quem viu o desfile notou a aus\u00eancia dos \u00f4nibus da outra concession\u00e1ria do servi\u00e7o, a Via\u00e7\u00e3o S\u00e3o Miguel. Era um pren\u00fancio.<\/h3>\n<h3 style=\"text-align: justify;\">O an\u00fancio veio h\u00e1 pouco. Nas redes sociais, o prefeito Valderico Junior (UB) afirmou que n\u00e3o vai renovar o contrato da S\u00e3o Miguel, que termina neste domingo (13):<\/h3>\n<h3 style=\"text-align: justify;\">\u2013 O contrato da empresa de \u00f4nibus n\u00e3o ser\u00e1 renovado. Eu afirmo: a empresa de \u00f4nibus S\u00e3o Miguel n\u00e3o far\u00e1 parte do transporte p\u00fablico de Ilh\u00e9us a partir desta segunda-feira, 14.<\/h3>\n<h3 style=\"text-align: justify;\">PLANO DE EMERGENCIA:<\/h3>\n<h3 style=\"text-align: justify;\">O prefeito tamb\u00e9m anunciou plano emergencial para contrata\u00e7\u00e3o de nova empresa at\u00e9 o final deste m\u00eas. A Viametro, que tem como diretor-executivo o empres\u00e1rio Paulo Carletto, cunhado de Valderico, vai cobrir as linhas que eram da S\u00e3o Miguel, de forma tempor\u00e1ria, segundo o gestor.<\/h3>\n<h3 style=\"text-align: justify;\"><\/h3>\n","protected":false},"excerpt":{"rendered":"<p>Chovia forte quando a empresa Viametro apresentou os 15 \u00f4nibus que v\u00e3o refor\u00e7ar o transporte p\u00fablico de Ilh\u00e9us, na tarde desta sexta-feira (11), numa Avenida Soares Lopes come\u00e7ando a alagar. Segundo a Prefeitura, s\u00e3o ve\u00edculos novos, com sinal de Wi-Fi aberto, tomadas USB e sistema de videomonitoramento interno. Quem viu o desfile notou a aus\u00eancia [&hellip;]<\/p>\n","protected":false},"author":3,"featured_media":900,"comment_status":"closed","ping_status":"closed","sticky":false,"template":"","format":"standard","meta":{"_links_to":"","_links_to_target":""},"categories":[11,6,10,35],"tags":[],"_links":{"self":[{"href":"https:\/\/www.namira.blog.br\/v1\/wp-json\/wp\/v2\/posts\/899"}],"collection":[{"href":"https:\/\/www.namira.blog.br\/v1\/wp-json\/wp\/v2\/posts"}],"about":[{"href":"https:\/\/www.namira.blog.br\/v1\/wp-json\/wp\/v2\/types\/post"}],"author":[{"embeddable":true,"href":"https:\/\/www.namira.blog.br\/v1\/wp-json\/wp\/v2\/users\/3"}],"replies":[{"embeddable":true,"href":"https:\/\/www.namira.blog.br\/v1\/wp-json\/wp\/v2\/comments?post=899"}],"version-history":[{"count":1,"href":"https:\/\/www.namira.blog.br\/v1\/wp-json\/wp\/v2\/posts\/899\/revisions"}],"predecessor-version":[{"id":901,"href":"https:\/\/www.namira.blog.br\/v1\/wp-json\/wp\/v2\/posts\/899\/revisions\/901"}],"wp:featuredmedia":[{"embeddable":true,"href":"https:\/\/www.namira.blog.br\/v1\/wp-json\/wp\/v2\/media\/900"}],"wp:attachment":[{"href":"https:\/\/www.namira.blog.br\/v1\/wp-json\/wp\/v2\/media?parent=899"}],"wp:term":[{"taxonomy":"category","embeddable":true,"href":"https:\/\/www.namira.blog.br\/v1\/wp-json\/wp\/v2\/categories?post=899"},{"taxonomy":"post_tag","embeddable":true,"href":"https:\/\/www.namira.blog.br\/v1\/wp-json\/wp\/v2\/tags?post=899"}],"curies":[{"name":"wp","href":"https:\/\/api.w.org\/{rel}","templated":true}]}}