{"id":902,"date":"2025-04-14T11:23:39","date_gmt":"2025-04-14T14:23:39","guid":{"rendered":"https:\/\/www.namira.blog.br\/v1\/?p=902"},"modified":"2025-04-14T11:23:39","modified_gmt":"2025-04-14T14:23:39","slug":"itabuna-justica-realiza-primeira-audiencia-do-caso-antonio-mangabeira-nesta-segunda-feira","status":"publish","type":"post","link":"https:\/\/www.namira.blog.br\/v1\/2025\/04\/14\/itabuna-justica-realiza-primeira-audiencia-do-caso-antonio-mangabeira-nesta-segunda-feira\/","title":{"rendered":"ITABUNA: JUSTI\u00c7A REALIZA PRIMEIRA AUDI\u00caNCIA DO CASO ANTONIO MANGABEIRA NESTA SEGUNDA-FEIRA"},"content":{"rendered":"<p><img loading=\"lazy\" class=\" wp-image-905 aligncenter\" src=\"http:\/\/www.namira.blog.br\/v1\/wp-content\/uploads\/2025\/04\/a-2-300x221.jpg\" alt=\"\" width=\"329\" height=\"242\" srcset=\"https:\/\/www.namira.blog.br\/v1\/wp-content\/uploads\/2025\/04\/a-2-300x221.jpg 300w, https:\/\/www.namira.blog.br\/v1\/wp-content\/uploads\/2025\/04\/a-2.jpg 380w\" sizes=\"(max-width: 329px) 100vw, 329px\" \/><\/p>\n<h3 style=\"text-align: justify;\">Ap\u00f3s quase um ano da primeira den\u00fancia de abuso sexual contra o m\u00e9dico e ex-candidato a prefeito de Itabuna, Ant\u00f4nio Mangabeira, a Justi\u00e7a realiza nesta segunda-feira (14) a primeira audi\u00eancia do caso.<\/h3>\n<h3 style=\"text-align: justify;\">De acordo com informa\u00e7\u00f5es do comunicador Tom Ribeiro, durante a audi\u00eancia ser\u00e3o ouvidas as testemunhas e tamb\u00e9m o acusado. A defesa do m\u00e9dico alega inoc\u00eancia e afirma que ir\u00e1 comprovar, ao longo do processo, que as acusa\u00e7\u00f5es s\u00e3o infundadas.<\/h3>\n<h3 style=\"text-align: justify;\">ATEN\u00c7\u00c3O:<\/h3>\n<h3 style=\"text-align: justify;\">S\u00c3O 29 INQUERITOS CONTRA MANGABEIRA QUE CORREM NA DEAM EM ITABUNA. EM QUAL EST\u00c1GIO EST\u00c3O ESSES INQUERITOS?<\/h3>\n<h3 style=\"text-align: justify;\">PERGUNTAR N\u00c3O OFENDE!<\/h3>\n<h3 style=\"text-align: justify;\">O caso em quest\u00e3o; ganhou repercuss\u00e3o no meio de 2024, quando uma paciente o acusou de estupro durante um atendimento m\u00e9dico (<a href=\"https:\/\/ipolitica.blog.br\/itabuna-medico-antonio-mangabeira-e-acusado-de-assedio-sexual-por-pacientes\/\">relembre aqui<\/a>). Ap\u00f3s a primeira den\u00fancia,\u00a0<a href=\"https:\/\/ipolitica.blog.br\/itabuna-sobe-para-26-o-numero-de-denuncias-contra-o-doutor-mangabeira\/\">outras mulheres tamb\u00e9m procuraram a delegacia para registrar queixas semelhantes contra o m\u00e9dico.<\/a><\/h3>\n<h3 style=\"text-align: justify;\">O julgamento \u00e9 acompanhado com grande expectativa pela comunidade de Itabuna, que aguarda o desfecho do caso.<\/h3>\n","protected":false},"excerpt":{"rendered":"<p>Ap\u00f3s quase um ano da primeira den\u00fancia de abuso sexual contra o m\u00e9dico e ex-candidato a prefeito de Itabuna, Ant\u00f4nio Mangabeira, a Justi\u00e7a realiza nesta segunda-feira (14) a primeira audi\u00eancia do caso. De acordo com informa\u00e7\u00f5es do comunicador Tom Ribeiro, durante a audi\u00eancia ser\u00e3o ouvidas as testemunhas e tamb\u00e9m o acusado. A defesa do m\u00e9dico [&hellip;]<\/p>\n","protected":false},"author":3,"featured_media":905,"comment_status":"closed","ping_status":"closed","sticky":false,"template":"","format":"standard","meta":{"_links_to":"","_links_to_target":""},"categories":[11,2,8,10,35],"tags":[],"_links":{"self":[{"href":"https:\/\/www.namira.blog.br\/v1\/wp-json\/wp\/v2\/posts\/902"}],"collection":[{"href":"https:\/\/www.namira.blog.br\/v1\/wp-json\/wp\/v2\/posts"}],"about":[{"href":"https:\/\/www.namira.blog.br\/v1\/wp-json\/wp\/v2\/types\/post"}],"author":[{"embeddable":true,"href":"https:\/\/www.namira.blog.br\/v1\/wp-json\/wp\/v2\/users\/3"}],"replies":[{"embeddable":true,"href":"https:\/\/www.namira.blog.br\/v1\/wp-json\/wp\/v2\/comments?post=902"}],"version-history":[{"count":1,"href":"https:\/\/www.namira.blog.br\/v1\/wp-json\/wp\/v2\/posts\/902\/revisions"}],"predecessor-version":[{"id":906,"href":"https:\/\/www.namira.blog.br\/v1\/wp-json\/wp\/v2\/posts\/902\/revisions\/906"}],"wp:featuredmedia":[{"embeddable":true,"href":"https:\/\/www.namira.blog.br\/v1\/wp-json\/wp\/v2\/media\/905"}],"wp:attachment":[{"href":"https:\/\/www.namira.blog.br\/v1\/wp-json\/wp\/v2\/media?parent=902"}],"wp:term":[{"taxonomy":"category","embeddable":true,"href":"https:\/\/www.namira.blog.br\/v1\/wp-json\/wp\/v2\/categories?post=902"},{"taxonomy":"post_tag","embeddable":true,"href":"https:\/\/www.namira.blog.br\/v1\/wp-json\/wp\/v2\/tags?post=902"}],"curies":[{"name":"wp","href":"https:\/\/api.w.org\/{rel}","templated":true}]}}