{"id":908,"date":"2025-04-29T09:40:22","date_gmt":"2025-04-29T12:40:22","guid":{"rendered":"https:\/\/www.namira.blog.br\/v1\/?p=908"},"modified":"2025-04-29T09:40:22","modified_gmt":"2025-04-29T12:40:22","slug":"brasil-agressores-de-mulheres-vao-usar-tornozeleira","status":"publish","type":"post","link":"https:\/\/www.namira.blog.br\/v1\/2025\/04\/29\/brasil-agressores-de-mulheres-vao-usar-tornozeleira\/","title":{"rendered":"BRASIL: AGRESSORES DE MULHERES V\u00c3O USAR TORNOZELEIRA"},"content":{"rendered":"<h3 style=\"text-align: justify;\"><img loading=\"lazy\" class=\"size-medium wp-image-909 aligncenter\" src=\"http:\/\/www.namira.blog.br\/v1\/wp-content\/uploads\/2025\/04\/AT-300x230.jpeg\" alt=\"\" width=\"300\" height=\"230\" srcset=\"https:\/\/www.namira.blog.br\/v1\/wp-content\/uploads\/2025\/04\/AT-300x230.jpeg 300w, https:\/\/www.namira.blog.br\/v1\/wp-content\/uploads\/2025\/04\/AT.jpeg 430w\" sizes=\"(max-width: 300px) 100vw, 300px\" \/>O presidente da Rep\u00fablica, Luiz In\u00e1cio Lula da Silva, sancionou a lei que permite o monitoramento de agressores de mulheres por meio de tornozeleiras eletr\u00f4nicas. Publicada no Di\u00e1rio Oficial da Uni\u00e3o (DOU) desta sexta-feira (25), a Lei 15.125, de 2025, tem o objetivo de garantir o cumprimento de medidas protetivas em casos de viol\u00eancia dom\u00e9stica e familiar. O texto tamb\u00e9m prev\u00ea que a v\u00edtima e a pol\u00edcia devem ser alertadas em caso de aproxima\u00e7\u00e3o indevida do agressor.<\/h3>\n<h3 style=\"text-align: justify;\">A norma \u2014 que teve origem em um projeto de lei (o PL 5.427\/2023) apresentado na C\u00e2mara pelo deputado federal Gutemberg Reis (MDB-RJ) \u2014 altera a Lei Maria da Penha.<\/h3>\n<h3 style=\"text-align: justify;\">A legisla\u00e7\u00e3o em vigor j\u00e1 previa medidas como o afastamento do agressor do lar e a proibi\u00e7\u00e3o de contato com a v\u00edtima, al\u00e9m da participa\u00e7\u00e3o em programas de reeduca\u00e7\u00e3o. Agora, com a nova lei, passa a incluir tamb\u00e9m o monitoramento eletr\u00f4nico entre as possibilidades de prote\u00e7\u00e3o imediata.<\/h3>\n<h3 style=\"text-align: justify;\">\u201cAs medidas protetivas de urg\u00eancia s\u00e3o essenciais para a prote\u00e7\u00e3o de mulheres v\u00edtimas de viol\u00eancia dom\u00e9stica e familiar, e \u00e9 fundamental que sejam aprimoradas. Infelizmente, n\u00e3o \u00e9 raro assistirmos a casos de mulheres assassinadas mesmo ap\u00f3s a imposi\u00e7\u00e3o de medidas protetivas contra o agressor\u201d, ressaltou o autor do PL.<\/h3>\n","protected":false},"excerpt":{"rendered":"<p>O presidente da Rep\u00fablica, Luiz In\u00e1cio Lula da Silva, sancionou a lei que permite o monitoramento de agressores de mulheres por meio de tornozeleiras eletr\u00f4nicas. Publicada no Di\u00e1rio Oficial da Uni\u00e3o (DOU) desta sexta-feira (25), a Lei 15.125, de 2025, tem o objetivo de garantir o cumprimento de medidas protetivas em casos de viol\u00eancia dom\u00e9stica [&hellip;]<\/p>\n","protected":false},"author":3,"featured_media":909,"comment_status":"closed","ping_status":"closed","sticky":false,"template":"","format":"standard","meta":{"_links_to":"","_links_to_target":""},"categories":[9,1,8,10],"tags":[],"_links":{"self":[{"href":"https:\/\/www.namira.blog.br\/v1\/wp-json\/wp\/v2\/posts\/908"}],"collection":[{"href":"https:\/\/www.namira.blog.br\/v1\/wp-json\/wp\/v2\/posts"}],"about":[{"href":"https:\/\/www.namira.blog.br\/v1\/wp-json\/wp\/v2\/types\/post"}],"author":[{"embeddable":true,"href":"https:\/\/www.namira.blog.br\/v1\/wp-json\/wp\/v2\/users\/3"}],"replies":[{"embeddable":true,"href":"https:\/\/www.namira.blog.br\/v1\/wp-json\/wp\/v2\/comments?post=908"}],"version-history":[{"count":1,"href":"https:\/\/www.namira.blog.br\/v1\/wp-json\/wp\/v2\/posts\/908\/revisions"}],"predecessor-version":[{"id":910,"href":"https:\/\/www.namira.blog.br\/v1\/wp-json\/wp\/v2\/posts\/908\/revisions\/910"}],"wp:featuredmedia":[{"embeddable":true,"href":"https:\/\/www.namira.blog.br\/v1\/wp-json\/wp\/v2\/media\/909"}],"wp:attachment":[{"href":"https:\/\/www.namira.blog.br\/v1\/wp-json\/wp\/v2\/media?parent=908"}],"wp:term":[{"taxonomy":"category","embeddable":true,"href":"https:\/\/www.namira.blog.br\/v1\/wp-json\/wp\/v2\/categories?post=908"},{"taxonomy":"post_tag","embeddable":true,"href":"https:\/\/www.namira.blog.br\/v1\/wp-json\/wp\/v2\/tags?post=908"}],"curies":[{"name":"wp","href":"https:\/\/api.w.org\/{rel}","templated":true}]}}