{"id":920,"date":"2025-05-31T08:46:05","date_gmt":"2025-05-31T11:46:05","guid":{"rendered":"https:\/\/www.namira.blog.br\/v1\/?p=920"},"modified":"2025-05-31T08:55:20","modified_gmt":"2025-05-31T11:55:20","slug":"bahia-nao-tem-problema-nenhum-diz-otto-sobre-romper-com-governo-jeronimo-caso-psd-seja-preterido-em-2026","status":"publish","type":"post","link":"https:\/\/www.namira.blog.br\/v1\/2025\/05\/31\/bahia-nao-tem-problema-nenhum-diz-otto-sobre-romper-com-governo-jeronimo-caso-psd-seja-preterido-em-2026\/","title":{"rendered":"BAHIA: \u201cN\u00c3O TEM PROBLEMA NENHUM\u201d, DIZ OTTO SOBRE ROMPER COM GOVERNO JER\u00d4NIMO CASO PSD SEJA PRETERIDO EM 2026"},"content":{"rendered":"<h3 style=\"text-align: justify;\"><img loading=\"lazy\" class=\"size-medium wp-image-921 aligncenter\" src=\"http:\/\/www.namira.blog.br\/v1\/wp-content\/uploads\/2025\/05\/Otto-300x237.jpg\" alt=\"\" width=\"300\" height=\"237\" srcset=\"https:\/\/www.namira.blog.br\/v1\/wp-content\/uploads\/2025\/05\/Otto-300x237.jpg 300w, https:\/\/www.namira.blog.br\/v1\/wp-content\/uploads\/2025\/05\/Otto.jpg 454w\" sizes=\"(max-width: 300px) 100vw, 300px\" \/>O senador Otto Alencar (PSD) subiu o tom e deixou claro: se o PSD for exclu\u00eddo da chapa majorit\u00e1ria do governador Jer\u00f4nimo Rodrigues (PT) em 2026, n\u00e3o haver\u00e1 constrangimento em romper com o grupo. A declara\u00e7\u00e3o foi feita nesta quinta-feira (29), durante entrevista ao podcast PodZ\u00e9.<\/h3>\n<h3 style=\"text-align: justify;\">Otto defendeu a reelei\u00e7\u00e3o do senador Angelo Coronel (PSD), afirmando que o direito \u00e0 recondu\u00e7\u00e3o ao cargo est\u00e1 garantido pela legisla\u00e7\u00e3o. \u201cQuem tem direito \u00e0 reelei\u00e7\u00e3o deve ir para a reelei\u00e7\u00e3o. Tanto Jer\u00f4nimo, como Geraldo, como Wagner, como Coronel\u201d, cravou.<\/h3>\n<h3 style=\"text-align: justify;\">Sem rodeios, o presidente estadual do PSD sinalizou que o partido n\u00e3o aceitar\u00e1 imposi\u00e7\u00f5es. \u201cSe dissesse textualmente e me ligasse dizendo \u2018voc\u00eas n\u00e3o v\u00e3o participar\u2019, n\u00f3s sair\u00edamos agora mesmo. N\u00e3o tem problema nenhum\u201d, afirmou, referindo-se \u00e0 possibilidade de exclus\u00e3o da chapa governista.<\/h3>\n<h3 style=\"text-align: justify;\">A fala de Otto acontece em meio aos rumores de uma chapa \u201cpuro-sangue\u201d do PT, que incluiria nomes como Jaques Wagner e Rui Costa disputando cadeiras no Senado ao lado de Jer\u00f4nimo. Ainda assim, Otto garantiu que buscar\u00e1 uma sa\u00edda negociada: \u201cDa minha parte, ser\u00e1 sempre tentando encontrar uma solu\u00e7\u00e3o\u201d.<\/h3>\n<h3 style=\"text-align: justify;\">Por sua vez, Angelo Coronel tamb\u00e9m refor\u00e7ou seu nome na disputa e minimizou o desconforto com Rui e Wagner. \u201cN\u00e3o estou zangado com ningu\u00e9m. Isso \u00e9 disputa por espa\u00e7o\u201d, resumiu.<\/h3>\n<h3 style=\"text-align: justify;\">O clima na base aliada \u00e9 de alerta. O PSD n\u00e3o quer ser apenas coadjuvante na sucess\u00e3o estadual \u2014 e Otto, como sempre, avisou antes de bater a porta.<\/h3>\n","protected":false},"excerpt":{"rendered":"<p>O senador Otto Alencar (PSD) subiu o tom e deixou claro: se o PSD for exclu\u00eddo da chapa majorit\u00e1ria do governador Jer\u00f4nimo Rodrigues (PT) em 2026, n\u00e3o haver\u00e1 constrangimento em romper com o grupo. A declara\u00e7\u00e3o foi feita nesta quinta-feira (29), durante entrevista ao podcast PodZ\u00e9. Otto defendeu a reelei\u00e7\u00e3o do senador Angelo Coronel (PSD), [&hellip;]<\/p>\n","protected":false},"author":3,"featured_media":921,"comment_status":"closed","ping_status":"closed","sticky":false,"template":"","format":"standard","meta":{"_links_to":"","_links_to_target":""},"categories":[11,2,1,10,35],"tags":[],"_links":{"self":[{"href":"https:\/\/www.namira.blog.br\/v1\/wp-json\/wp\/v2\/posts\/920"}],"collection":[{"href":"https:\/\/www.namira.blog.br\/v1\/wp-json\/wp\/v2\/posts"}],"about":[{"href":"https:\/\/www.namira.blog.br\/v1\/wp-json\/wp\/v2\/types\/post"}],"author":[{"embeddable":true,"href":"https:\/\/www.namira.blog.br\/v1\/wp-json\/wp\/v2\/users\/3"}],"replies":[{"embeddable":true,"href":"https:\/\/www.namira.blog.br\/v1\/wp-json\/wp\/v2\/comments?post=920"}],"version-history":[{"count":1,"href":"https:\/\/www.namira.blog.br\/v1\/wp-json\/wp\/v2\/posts\/920\/revisions"}],"predecessor-version":[{"id":922,"href":"https:\/\/www.namira.blog.br\/v1\/wp-json\/wp\/v2\/posts\/920\/revisions\/922"}],"wp:featuredmedia":[{"embeddable":true,"href":"https:\/\/www.namira.blog.br\/v1\/wp-json\/wp\/v2\/media\/921"}],"wp:attachment":[{"href":"https:\/\/www.namira.blog.br\/v1\/wp-json\/wp\/v2\/media?parent=920"}],"wp:term":[{"taxonomy":"category","embeddable":true,"href":"https:\/\/www.namira.blog.br\/v1\/wp-json\/wp\/v2\/categories?post=920"},{"taxonomy":"post_tag","embeddable":true,"href":"https:\/\/www.namira.blog.br\/v1\/wp-json\/wp\/v2\/tags?post=920"}],"curies":[{"name":"wp","href":"https:\/\/api.w.org\/{rel}","templated":true}]}}