{"id":925,"date":"2025-06-16T14:00:33","date_gmt":"2025-06-16T17:00:33","guid":{"rendered":"https:\/\/www.namira.blog.br\/v1\/?p=925"},"modified":"2025-06-16T14:00:33","modified_gmt":"2025-06-16T17:00:33","slug":"ilheus-50-mil-pessoas-no-primeiro-dia-do-sao-joao-amado","status":"publish","type":"post","link":"https:\/\/www.namira.blog.br\/v1\/2025\/06\/16\/ilheus-50-mil-pessoas-no-primeiro-dia-do-sao-joao-amado\/","title":{"rendered":"ILH\u00c9US: 50 MIL PESSOAS NO PRIMEIRO DIA DO S\u00c3O JO\u00c3O AMADO"},"content":{"rendered":"<h2 style=\"text-align: justify;\"><img loading=\"lazy\" class=\" wp-image-926 aligncenter\" src=\"http:\/\/www.namira.blog.br\/v1\/wp-content\/uploads\/2025\/06\/valderico-sao-joao-300x200.jpg\" alt=\"\" width=\"326\" height=\"217\" srcset=\"https:\/\/www.namira.blog.br\/v1\/wp-content\/uploads\/2025\/06\/valderico-sao-joao-300x200.jpg 300w, https:\/\/www.namira.blog.br\/v1\/wp-content\/uploads\/2025\/06\/valderico-sao-joao.jpg 450w\" sizes=\"(max-width: 326px) 100vw, 326px\" \/>Em sua primeira noite, o Meu S\u00e3o Jo\u00e3o Amado \u2013 Arrai\u00e1 Ilh\u00e9us 2025 reuniu um p\u00fablico estimado em 50 mil pessoas, segundo a Pol\u00edcia Militar da Bahia. O evento, promovido pela Prefeitura de Ilh\u00e9us, na Avenida Soares Lopes, encantou moradores e turistas pela estrutura, organiza\u00e7\u00e3o e atra\u00e7\u00f5es musicais de peso.<\/h2>\n<h2 style=\"text-align: justify;\">Com um palco cenogr\u00e1fico inspirado na Batacl\u00e3, o p\u00fablico curtiu apresenta\u00e7\u00f5es dos artistas PH do Acordeon, Netinho do Forr\u00f3, Cacau com Leite, Maiara &amp; Maraisa, Tierry e Marlus Viana, elevando o clima de alegria.<\/h2>\n<h2 style=\"text-align: justify;\">Al\u00e9m da programa\u00e7\u00e3o musical, a estrutura do evento tamb\u00e9m chamou aten\u00e7\u00e3o. O espa\u00e7o contou com camarotes, \u00e1rea para pessoas com defici\u00eancia (PcD), espa\u00e7o kids para filhos de ambulantes, 170 barracas padronizadas, Casa de Acolhimento \u00e0 Mulher, posto de sa\u00fade avan\u00e7ado, sala de imprensa, al\u00e9m de transporte gratuito para a popula\u00e7\u00e3o, entre outras iniciativas.<\/h2>\n<h2 style=\"text-align: justify;\">O prefeito Valderico Junior comemorou o sucesso da primeira noite e destacou a import\u00e2ncia econ\u00f4mica e cultural do evento:<\/h2>\n<h2 style=\"text-align: justify;\">\u201cA gente fica muito feliz de ver a receptividade da popula\u00e7\u00e3o com um evento como esse. Casa cheia, isso que importa para todos n\u00f3s. \u00c9 muito mais do que uma festa, \u00e9 um evento para desenvolver economicamente o nosso munic\u00edpio e oportunizar as pessoas a levarem novas rendas para as suas casas. Estruturamos com muito carinho todos os setores e sabemos que \u00e9 s\u00f3 o come\u00e7o. Hoje \u00e9 o primeiro dia de um evento que tenho certeza que entra no calend\u00e1rio da cidade. Vamos mostrar para a Bahia, para o Brasil e para o mundo o tanto de cultura e acolhimento que Ilh\u00e9us tem\u201d, afirmou.<br \/>\nCom esquema de seguran\u00e7a refor\u00e7ado, o evento registrou apenas duas ocorr\u00eancias: uma de desacato e outra de importuna\u00e7\u00e3o sexual. A campanha \u201cN\u00e3o \u00e9 N\u00e3o at\u00e9 no S\u00e3o Jo\u00e3o\u201d atuou com a\u00e7\u00f5es educativas e de orienta\u00e7\u00e3o para o enfrentamento ao ass\u00e9dio e \u00e0 viol\u00eancia contra as mulheres.<\/h2>\n<h2 style=\"text-align: justify;\">Na \u00e1rea da sa\u00fade, o posto avan\u00e7ado realizou 20 atendimentos, com apenas dois casos que exigiram encaminhamento para unidades de maior complexidade.<\/h2>\n<h2 style=\"text-align: justify;\">Outro destaque da primeira noite foi a preocupa\u00e7\u00e3o com o meio ambiente. A coleta seletiva, realizada em parceria com cooperativas e associa\u00e7\u00f5es, recolheu cerca de 400 kg de materiais, que ser\u00e3o destinados \u00e0 reciclagem.<\/h2>\n<h2 style=\"text-align: justify;\">Os shows continuam neste s\u00e1bado (14) e domingo (15), a partir das 19h. O Meu S\u00e3o Jo\u00e3o Amado tem o patroc\u00ednio das empresas Heineken, Amstel, Brasil Nutri Ambiental, Aero Shake e do Governo da Bahia.<\/h2>\n","protected":false},"excerpt":{"rendered":"<p>Em sua primeira noite, o Meu S\u00e3o Jo\u00e3o Amado \u2013 Arrai\u00e1 Ilh\u00e9us 2025 reuniu um p\u00fablico estimado em 50 mil pessoas, segundo a Pol\u00edcia Militar da Bahia. O evento, promovido pela Prefeitura de Ilh\u00e9us, na Avenida Soares Lopes, encantou moradores e turistas pela estrutura, organiza\u00e7\u00e3o e atra\u00e7\u00f5es musicais de peso. Com um palco cenogr\u00e1fico inspirado [&hellip;]<\/p>\n","protected":false},"author":3,"featured_media":926,"comment_status":"closed","ping_status":"closed","sticky":false,"template":"","format":"standard","meta":{"_links_to":"","_links_to_target":""},"categories":[11,2,15,10,35],"tags":[],"_links":{"self":[{"href":"https:\/\/www.namira.blog.br\/v1\/wp-json\/wp\/v2\/posts\/925"}],"collection":[{"href":"https:\/\/www.namira.blog.br\/v1\/wp-json\/wp\/v2\/posts"}],"about":[{"href":"https:\/\/www.namira.blog.br\/v1\/wp-json\/wp\/v2\/types\/post"}],"author":[{"embeddable":true,"href":"https:\/\/www.namira.blog.br\/v1\/wp-json\/wp\/v2\/users\/3"}],"replies":[{"embeddable":true,"href":"https:\/\/www.namira.blog.br\/v1\/wp-json\/wp\/v2\/comments?post=925"}],"version-history":[{"count":1,"href":"https:\/\/www.namira.blog.br\/v1\/wp-json\/wp\/v2\/posts\/925\/revisions"}],"predecessor-version":[{"id":927,"href":"https:\/\/www.namira.blog.br\/v1\/wp-json\/wp\/v2\/posts\/925\/revisions\/927"}],"wp:featuredmedia":[{"embeddable":true,"href":"https:\/\/www.namira.blog.br\/v1\/wp-json\/wp\/v2\/media\/926"}],"wp:attachment":[{"href":"https:\/\/www.namira.blog.br\/v1\/wp-json\/wp\/v2\/media?parent=925"}],"wp:term":[{"taxonomy":"category","embeddable":true,"href":"https:\/\/www.namira.blog.br\/v1\/wp-json\/wp\/v2\/categories?post=925"},{"taxonomy":"post_tag","embeddable":true,"href":"https:\/\/www.namira.blog.br\/v1\/wp-json\/wp\/v2\/tags?post=925"}],"curies":[{"name":"wp","href":"https:\/\/api.w.org\/{rel}","templated":true}]}}