{"id":937,"date":"2025-07-08T12:35:47","date_gmt":"2025-07-08T15:35:47","guid":{"rendered":"https:\/\/www.namira.blog.br\/v1\/?p=937"},"modified":"2025-07-08T12:35:47","modified_gmt":"2025-07-08T15:35:47","slug":"floresta-azul-aprovacao-popular-da-gestao-bambu-incomoda-grupo-de-oposicao","status":"publish","type":"post","link":"https:\/\/www.namira.blog.br\/v1\/2025\/07\/08\/floresta-azul-aprovacao-popular-da-gestao-bambu-incomoda-grupo-de-oposicao\/","title":{"rendered":"FLORESTA AZUL: APROVA\u00c7\u00c3O POPULAR DA GEST\u00c3O BAMBU INCOMODA GRUPO DE OPOSI\u00c7\u00c3O"},"content":{"rendered":"<h2 style=\"text-align: justify;\"><img loading=\"lazy\" class=\" wp-image-938 aligncenter\" src=\"http:\/\/www.namira.blog.br\/v1\/wp-content\/uploads\/2025\/07\/abambu-266x300.jpg\" alt=\"\" width=\"322\" height=\"363\" srcset=\"https:\/\/www.namira.blog.br\/v1\/wp-content\/uploads\/2025\/07\/abambu-266x300.jpg 266w, https:\/\/www.namira.blog.br\/v1\/wp-content\/uploads\/2025\/07\/abambu.jpg 450w\" sizes=\"(max-width: 322px) 100vw, 322px\" \/>A gest\u00e3o do prefeito Hermanio Leonardo, conhecido como \u201cBambu\u201d, tem ganhado destaque em Floresta Azul e na regi\u00e3o sul da Bahia. Em apenas sete meses de mandato, o prefeito conquistou a aprova\u00e7\u00e3o da maioria da popula\u00e7\u00e3o, impulsionado pela entrega de obras estruturantes e pela atua\u00e7\u00e3o articulada com deputados estaduais, federais e o governador Jer\u00f4nimo Rodrigues (PT).<\/h2>\n<h2 style=\"text-align: justify;\">Iniciada de forma discreta, a administra\u00e7\u00e3o de Bambu consolidou-se com a\u00e7\u00f5es vis\u00edveis tanto na sede quanto no distrito e na zona rural do munic\u00edpio. A expectativa pela entrega de grandes obras tem mobilizado a popula\u00e7\u00e3o e colocado a gest\u00e3o como exemplo de efici\u00eancia e di\u00e1logo na regi\u00e3o.<\/h2>\n<h2 style=\"text-align: justify;\">O bom desempenho, no entanto, tem incomodado setores da oposi\u00e7\u00e3o local, que perderam espa\u00e7o e protagonismo diante da receptividade do novo governo. Com dificuldades para apontar falhas na atual administra\u00e7\u00e3o, o grupo opositor tem se mostrado enfraquecido no cen\u00e1rio pol\u00edtico municipal.<\/h2>\n<h2 style=\"text-align: justify;\">\u201cEstou muito feliz em ver a aprova\u00e7\u00e3o da popula\u00e7\u00e3o em rela\u00e7\u00e3o ao nosso trabalho. Quero agradecer especialmente ao governador Jer\u00f4nimo Rodrigues e aos deputados que t\u00eam nos apoiado nessa jornada. Vamos continuar trabalhando com dedica\u00e7\u00e3o e respeito para melhorar cada vez mais a vida dos nossos cidad\u00e3os\u201d, afirmou o prefeito.<\/h2>\n<h2 style=\"text-align: justify;\">Com respaldo popular crescente e apoio institucional, Hermanio Bambu consolida seu governo como um dos mais bem avaliados do in\u00edcio de gest\u00e3o em Floresta Azul.<\/h2>\n","protected":false},"excerpt":{"rendered":"<p>A gest\u00e3o do prefeito Hermanio Leonardo, conhecido como \u201cBambu\u201d, tem ganhado destaque em Floresta Azul e na regi\u00e3o sul da Bahia. Em apenas sete meses de mandato, o prefeito conquistou a aprova\u00e7\u00e3o da maioria da popula\u00e7\u00e3o, impulsionado pela entrega de obras estruturantes e pela atua\u00e7\u00e3o articulada com deputados estaduais, federais e o governador Jer\u00f4nimo Rodrigues [&hellip;]<\/p>\n","protected":false},"author":3,"featured_media":938,"comment_status":"closed","ping_status":"closed","sticky":false,"template":"","format":"standard","meta":{"_links_to":"","_links_to_target":""},"categories":[11,6,10,35],"tags":[],"_links":{"self":[{"href":"https:\/\/www.namira.blog.br\/v1\/wp-json\/wp\/v2\/posts\/937"}],"collection":[{"href":"https:\/\/www.namira.blog.br\/v1\/wp-json\/wp\/v2\/posts"}],"about":[{"href":"https:\/\/www.namira.blog.br\/v1\/wp-json\/wp\/v2\/types\/post"}],"author":[{"embeddable":true,"href":"https:\/\/www.namira.blog.br\/v1\/wp-json\/wp\/v2\/users\/3"}],"replies":[{"embeddable":true,"href":"https:\/\/www.namira.blog.br\/v1\/wp-json\/wp\/v2\/comments?post=937"}],"version-history":[{"count":1,"href":"https:\/\/www.namira.blog.br\/v1\/wp-json\/wp\/v2\/posts\/937\/revisions"}],"predecessor-version":[{"id":939,"href":"https:\/\/www.namira.blog.br\/v1\/wp-json\/wp\/v2\/posts\/937\/revisions\/939"}],"wp:featuredmedia":[{"embeddable":true,"href":"https:\/\/www.namira.blog.br\/v1\/wp-json\/wp\/v2\/media\/938"}],"wp:attachment":[{"href":"https:\/\/www.namira.blog.br\/v1\/wp-json\/wp\/v2\/media?parent=937"}],"wp:term":[{"taxonomy":"category","embeddable":true,"href":"https:\/\/www.namira.blog.br\/v1\/wp-json\/wp\/v2\/categories?post=937"},{"taxonomy":"post_tag","embeddable":true,"href":"https:\/\/www.namira.blog.br\/v1\/wp-json\/wp\/v2\/tags?post=937"}],"curies":[{"name":"wp","href":"https:\/\/api.w.org\/{rel}","templated":true}]}}